{"id":405,"date":"2021-03-08T18:42:16","date_gmt":"2021-03-08T17:42:16","guid":{"rendered":"http:\/\/www.life4fir.com\/?p=405"},"modified":"2021-03-08T18:42:16","modified_gmt":"2021-03-08T17:42:16","slug":"remote-sensing-via-drone-and-monitoring-activities-of-the-life4fir-project","status":"publish","type":"post","link":"http:\/\/www.life4fir.com\/es\/2021\/03\/08\/remote-sensing-via-drone-and-monitoring-activities-of-the-life4fir-project\/","title":{"rendered":"Teledetecci\u00f3n a trav\u00e9s de drones y las actividades de seguimiento del proyecto LIFE4FIR"},"content":{"rendered":"<p><\/p>\n<h3><em>La teledetecci\u00f3n v\u00eda drone del proyecto LIFE4FIR<\/em><\/h3>\n<p>A principios de octubre de 2020 el relevamiento del \u00e1rea natural se realiz\u00f3 mediante drones equipados con c\u00e1maras multiespectrales. La teledetecci\u00f3n con drones le permite monitorear la salud de los \u00e1rboles y el h\u00e1bitat midiendo la radiaci\u00f3n reflejada por la vegetaci\u00f3n.<\/p>\n<p>El vuelo del dron permiti\u00f3 obtener fotograf\u00edas panor\u00e1micas del h\u00e1bitat y de los \u00e1rboles individuales de la poblaci\u00f3n de Abies nebrodensis.<\/p>\n<p><a href=\"http:\/\/www.life4fir.com\/wp-content\/uploads\/2021\/03\/life4fir-monitoring-drone-project-life-pianta-n.-8-An_08-1-compressed.jpg\" data-rel=\"lightbox-image-0\" data-rl_title=\"\" data-rl_caption=\"\" title=\"\"><img loading=\"lazy\" class=\"aligncenter wp-image-408 size-large\" src=\"http:\/\/www.life4fir.com\/wp-content\/uploads\/2021\/03\/life4fir-monitoring-drone-project-life-pianta-n.-8-An_08-1-compressed-1024x683.jpg\" alt=\"\" width=\"525\" height=\"350\" srcset=\"http:\/\/www.life4fir.com\/wp-content\/uploads\/2021\/03\/life4fir-monitoring-drone-project-life-pianta-n.-8-An_08-1-compressed-1024x683.jpg 1024w, http:\/\/www.life4fir.com\/wp-content\/uploads\/2021\/03\/life4fir-monitoring-drone-project-life-pianta-n.-8-An_08-1-compressed-300x200.jpg 300w, http:\/\/www.life4fir.com\/wp-content\/uploads\/2021\/03\/life4fir-monitoring-drone-project-life-pianta-n.-8-An_08-1-compressed-768x512.jpg 768w\" sizes=\"(max-width: 525px) 100vw, 525px\" \/><\/a><\/p>\n<p style=\"text-align: center;\"><em>\u00c1rbol n. 8<\/em><\/p>\n<p><a href=\"http:\/\/www.life4fir.com\/wp-content\/uploads\/2021\/03\/life4fir-monitoring-drone-project-life-piante-n.-10-e-11-An_10-11-2-compressed.jpg\" data-rel=\"lightbox-image-1\" data-rl_title=\"\" data-rl_caption=\"\" title=\"\"><img loading=\"lazy\" class=\"aligncenter size-large wp-image-410\" src=\"http:\/\/www.life4fir.com\/wp-content\/uploads\/2021\/03\/life4fir-monitoring-drone-project-life-piante-n.-10-e-11-An_10-11-2-compressed-1024x576.jpg\" alt=\"\" width=\"525\" height=\"295\" srcset=\"http:\/\/www.life4fir.com\/wp-content\/uploads\/2021\/03\/life4fir-monitoring-drone-project-life-piante-n.-10-e-11-An_10-11-2-compressed-1024x576.jpg 1024w, http:\/\/www.life4fir.com\/wp-content\/uploads\/2021\/03\/life4fir-monitoring-drone-project-life-piante-n.-10-e-11-An_10-11-2-compressed-300x169.jpg 300w, http:\/\/www.life4fir.com\/wp-content\/uploads\/2021\/03\/life4fir-monitoring-drone-project-life-piante-n.-10-e-11-An_10-11-2-compressed-768x432.jpg 768w\" sizes=\"(max-width: 525px) 100vw, 525px\" \/><\/a><\/p>\n<p style=\"text-align: center;\"><em>\u00c1rboles n. 10 ed 11<\/em><\/p>\n<p><a href=\"http:\/\/www.life4fir.com\/wp-content\/uploads\/2021\/03\/life4fir-monitoring-drone-project-life-pianta-n.-12-An_07-1-compressed.jpg\" data-rel=\"lightbox-image-2\" data-rl_title=\"\" data-rl_caption=\"\" title=\"\"><img loading=\"lazy\" class=\"aligncenter size-large wp-image-411\" src=\"http:\/\/www.life4fir.com\/wp-content\/uploads\/2021\/03\/life4fir-monitoring-drone-project-life-pianta-n.-12-An_07-1-compressed-1024x683.jpg\" alt=\"\" width=\"525\" height=\"350\" srcset=\"http:\/\/www.life4fir.com\/wp-content\/uploads\/2021\/03\/life4fir-monitoring-drone-project-life-pianta-n.-12-An_07-1-compressed-1024x683.jpg 1024w, http:\/\/www.life4fir.com\/wp-content\/uploads\/2021\/03\/life4fir-monitoring-drone-project-life-pianta-n.-12-An_07-1-compressed-300x200.jpg 300w, http:\/\/www.life4fir.com\/wp-content\/uploads\/2021\/03\/life4fir-monitoring-drone-project-life-pianta-n.-12-An_07-1-compressed-768x512.jpg 768w\" sizes=\"(max-width: 525px) 100vw, 525px\" \/><\/a><\/p>\n<p style=\"text-align: center;\"><em>\u00c1rbol n. 12<\/em><\/p>\n<p><a href=\"http:\/\/www.life4fir.com\/wp-content\/uploads\/2021\/03\/life4fir-monitoring-drone-project-life-piante-n-16-e-17-An_16-17-6-compressed.jpg\" data-rel=\"lightbox-image-3\" data-rl_title=\"\" data-rl_caption=\"\" title=\"\"><img loading=\"lazy\" class=\"aligncenter size-large wp-image-412\" src=\"http:\/\/www.life4fir.com\/wp-content\/uploads\/2021\/03\/life4fir-monitoring-drone-project-life-piante-n-16-e-17-An_16-17-6-compressed-1024x683.jpg\" alt=\"\" width=\"525\" height=\"350\" srcset=\"http:\/\/www.life4fir.com\/wp-content\/uploads\/2021\/03\/life4fir-monitoring-drone-project-life-piante-n-16-e-17-An_16-17-6-compressed-1024x683.jpg 1024w, http:\/\/www.life4fir.com\/wp-content\/uploads\/2021\/03\/life4fir-monitoring-drone-project-life-piante-n-16-e-17-An_16-17-6-compressed-300x200.jpg 300w, http:\/\/www.life4fir.com\/wp-content\/uploads\/2021\/03\/life4fir-monitoring-drone-project-life-piante-n-16-e-17-An_16-17-6-compressed-768x512.jpg 768w\" sizes=\"(max-width: 525px) 100vw, 525px\" \/><\/a><\/p>\n<p style=\"text-align: center;\"><em>\u00c1rboles n. 16 e 17<\/em><\/p>\n<p><a href=\"http:\/\/www.life4fir.com\/wp-content\/uploads\/2021\/03\/life4fir-monitoring-drone-project-life-pianta-n.-19-An_29-3-compressed.jpg\" data-rel=\"lightbox-image-4\" data-rl_title=\"\" data-rl_caption=\"\" title=\"\"><img loading=\"lazy\" class=\"aligncenter size-large wp-image-413\" src=\"http:\/\/www.life4fir.com\/wp-content\/uploads\/2021\/03\/life4fir-monitoring-drone-project-life-pianta-n.-19-An_29-3-compressed-1024x683.jpg\" alt=\"\" width=\"525\" height=\"350\" srcset=\"http:\/\/www.life4fir.com\/wp-content\/uploads\/2021\/03\/life4fir-monitoring-drone-project-life-pianta-n.-19-An_29-3-compressed-1024x683.jpg 1024w, http:\/\/www.life4fir.com\/wp-content\/uploads\/2021\/03\/life4fir-monitoring-drone-project-life-pianta-n.-19-An_29-3-compressed-300x200.jpg 300w, http:\/\/www.life4fir.com\/wp-content\/uploads\/2021\/03\/life4fir-monitoring-drone-project-life-pianta-n.-19-An_29-3-compressed-768x512.jpg 768w\" sizes=\"(max-width: 525px) 100vw, 525px\" \/><\/a><\/p>\n<p style=\"text-align: center;\"><em>\u00c1rbol n. 19<\/em><\/p>\n<h3><em>Seguimiento fitosanitario y actividades de laboratorio de LIFE4FIR<\/em><\/h3>\n<p>El proyecto LIFE4FIR prev\u00e9 el seguimiento a trav\u00e9s de investigaciones fitosanitarias, realizadas en noviembre de 2019 y octubre de 2020. Los ejemplares de Abies Nebrodensis fueron sometidos a un cuidadoso examen visual para evaluar su estado vegetativo en funci\u00f3n de la forma y transparencia de la copa detectada, en el follaje, en presencia de partes angustiadas, secas o da\u00f1adas, y finalmente en base a la presencia de lesiones.<\/p>\n<p><a href=\"http:\/\/www.life4fir.com\/wp-content\/uploads\/2021\/03\/life4fir-monitoring-lab-analysis.jpg\" data-rel=\"lightbox-image-5\" data-rl_title=\"\" data-rl_caption=\"\" title=\"\"><img loading=\"lazy\" class=\"aligncenter size-large wp-image-414\" src=\"http:\/\/www.life4fir.com\/wp-content\/uploads\/2021\/03\/life4fir-monitoring-lab-analysis-768x1024.jpg\" alt=\"\" width=\"525\" height=\"700\" srcset=\"http:\/\/www.life4fir.com\/wp-content\/uploads\/2021\/03\/life4fir-monitoring-lab-analysis-768x1024.jpg 768w, http:\/\/www.life4fir.com\/wp-content\/uploads\/2021\/03\/life4fir-monitoring-lab-analysis-225x300.jpg 225w, http:\/\/www.life4fir.com\/wp-content\/uploads\/2021\/03\/life4fir-monitoring-lab-analysis.jpg 1536w\" sizes=\"(max-width: 525px) 100vw, 525px\" \/><\/a><\/p>\n<p style=\"text-align: center;\"><em>An\u00e1lisis de laboratorio para las actividades de seguimiento de LIFE4FIR<\/em><\/p>\n<p>Las muestras recolectadas fueron analizadas en el laboratorio mediante: observaciones con estereomicroscopio, aislamiento y cultivo de colonias de hongos y su caracterizaci\u00f3n gen\u00e9tica mediante amplificaci\u00f3n por PCR y secuenciaci\u00f3n de loci diana para su identificaci\u00f3n. Todo esto permiti\u00f3 identificar la microflora f\u00fangica asociada a las alteraciones observadas y detectar la posible presencia de pat\u00f3genos nocivos.<\/p>","protected":false},"excerpt":{"rendered":"<p>La teledetecci\u00f3n v\u00eda drone del proyecto LIFE4FIR A principios de octubre de 2020 el relevamiento del \u00e1rea natural se realiz\u00f3 mediante drones equipados con c\u00e1maras multiespectrales. La teledetecci\u00f3n con drones le permite monitorear la salud de los \u00e1rboles y el h\u00e1bitat midiendo la radiaci\u00f3n reflejada por la vegetaci\u00f3n. El vuelo del dron permiti\u00f3 obtener fotograf\u00edas &hellip; <\/p>\n<p class=\"link-more\"><a href=\"http:\/\/www.life4fir.com\/es\/2021\/03\/08\/remote-sensing-via-drone-and-monitoring-activities-of-the-life4fir-project\/\" class=\"more-link\">Continuar leyendo<span class=\"screen-reader-text\"> \u00abTeledetecci\u00f3n a trav\u00e9s de drones y las actividades de seguimiento del proyecto LIFE4FIR\u00bb<\/span><\/a><\/p>\n","protected":false},"author":1,"featured_media":410,"comment_status":"closed","ping_status":"open","sticky":false,"template":"","format":"standard","meta":[],"categories":[40],"tags":[20,64,69,22,70,73,72,71,68],"yoast_head":"<!-- This site is optimized with the Yoast SEO plugin v16.7 - https:\/\/yoast.com\/wordpress\/plugins\/seo\/ -->\n<title>Teledetecci\u00f3n a trav\u00e9s de drones y las actividades de seguimiento del proyecto LIFE4FIR - LIFE4FIR<\/title>\n<meta name=\"robots\" content=\"index, follow, max-snippet:-1, max-image-preview:large, max-video-preview:-1\" \/>\n<link rel=\"canonical\" href=\"http:\/\/www.life4fir.com\/it\/2021\/03\/08\/remote-sensing-via-drone-and-monitoring-activities-of-the-life4fir-project\/\" \/>\n<meta property=\"og:locale\" content=\"es_ES\" \/>\n<meta property=\"og:type\" content=\"article\" \/>\n<meta property=\"og:title\" content=\"[:it]Il telerilevamento via drone e le attivit\u00e0 di monitoraggio del progetto LIFE4FIR[:en]Remote sensing via drone and monitoring activities of the LIFE4FIR project[:es]Teledetecci\u00f3n a trav\u00e9s de drones y las actividades de seguimiento del proyecto LIFE4FIR[:] - LIFE4FIR\" \/>\n<meta property=\"og:description\" content=\"La teledetecci\u00f3n v\u00eda drone del proyecto LIFE4FIR A principios de octubre de 2020 el relevamiento del \u00e1rea natural se realiz\u00f3 mediante drones equipados con c\u00e1maras multiespectrales. La teledetecci\u00f3n con drones le permite monitorear la salud de los \u00e1rboles y el h\u00e1bitat midiendo la radiaci\u00f3n reflejada por la vegetaci\u00f3n. El vuelo del dron permiti\u00f3 obtener fotograf\u00edas &hellip; Continuar leyendo &quot;Teledetecci\u00f3n a trav\u00e9s de drones y las actividades de seguimiento del proyecto LIFE4FIR&quot;\" \/>\n<meta property=\"og:url\" content=\"http:\/\/www.life4fir.com\/it\/2021\/03\/08\/remote-sensing-via-drone-and-monitoring-activities-of-the-life4fir-project\/\" \/>\n<meta property=\"og:site_name\" content=\"LIFE4FIR\" \/>\n<meta property=\"article:published_time\" content=\"2021-03-08T17:42:16+00:00\" \/>\n<meta property=\"og:image\" content=\"http:\/\/www.life4fir.com\/wp-content\/uploads\/2021\/03\/life4fir-monitoring-drone-project-life-piante-n.-10-e-11-An_10-11-2-compressed.jpg\" \/>\n\t<meta property=\"og:image:width\" content=\"5472\" \/>\n\t<meta property=\"og:image:height\" content=\"3078\" \/>\n<meta name=\"twitter:card\" content=\"summary_large_image\" \/>\n<meta name=\"twitter:label1\" content=\"Escrito por\" \/>\n\t<meta name=\"twitter:data1\" content=\"adminl4f\" \/>\n\t<meta name=\"twitter:label2\" content=\"Tiempo de lectura\" \/>\n\t<meta name=\"twitter:data2\" content=\"3 minutos\" \/>\n<script type=\"application\/ld+json\" class=\"yoast-schema-graph\">{\"@context\":\"https:\/\/schema.org\",\"@graph\":[{\"@type\":\"WebSite\",\"@id\":\"http:\/\/www.life4fir.com\/it\/#website\",\"url\":\"http:\/\/www.life4fir.com\/it\/\",\"name\":\"LIFE4FIR\",\"description\":\"Decisive in situ and ex situ conservation strategies to secure the critically endangered Sicilian fir, Abies nebrodensis\",\"potentialAction\":[{\"@type\":\"SearchAction\",\"target\":{\"@type\":\"EntryPoint\",\"urlTemplate\":\"http:\/\/www.life4fir.com\/it\/?s={search_term_string}\"},\"query-input\":\"required name=search_term_string\"}],\"inLanguage\":\"es\"},{\"@type\":\"ImageObject\",\"@id\":\"http:\/\/www.life4fir.com\/it\/2021\/03\/08\/remote-sensing-via-drone-and-monitoring-activities-of-the-life4fir-project\/#primaryimage\",\"inLanguage\":\"es\",\"url\":\"http:\/\/www.life4fir.com\/wp-content\/uploads\/2021\/03\/life4fir-monitoring-drone-project-life-piante-n.-10-e-11-An_10-11-2-compressed.jpg\",\"contentUrl\":\"http:\/\/www.life4fir.com\/wp-content\/uploads\/2021\/03\/life4fir-monitoring-drone-project-life-piante-n.-10-e-11-An_10-11-2-compressed.jpg\",\"width\":5472,\"height\":3078},{\"@type\":\"WebPage\",\"@id\":\"http:\/\/www.life4fir.com\/it\/2021\/03\/08\/remote-sensing-via-drone-and-monitoring-activities-of-the-life4fir-project\/#webpage\",\"url\":\"http:\/\/www.life4fir.com\/it\/2021\/03\/08\/remote-sensing-via-drone-and-monitoring-activities-of-the-life4fir-project\/\",\"name\":\"[:it]Il telerilevamento via drone e le attivit\\u00e0 di monitoraggio del progetto LIFE4FIR[:en]Remote sensing via drone and monitoring activities of the LIFE4FIR project[:es]Teledetecci\\u00f3n a trav\\u00e9s de drones y las actividades de seguimiento del proyecto LIFE4FIR[:] - LIFE4FIR\",\"isPartOf\":{\"@id\":\"http:\/\/www.life4fir.com\/it\/#website\"},\"primaryImageOfPage\":{\"@id\":\"http:\/\/www.life4fir.com\/it\/2021\/03\/08\/remote-sensing-via-drone-and-monitoring-activities-of-the-life4fir-project\/#primaryimage\"},\"datePublished\":\"2021-03-08T17:42:16+00:00\",\"dateModified\":\"2021-03-08T17:42:16+00:00\",\"author\":{\"@id\":\"http:\/\/www.life4fir.com\/it\/#\/schema\/person\/6dbcaac5052518d54f87023c8f4be778\"},\"breadcrumb\":{\"@id\":\"http:\/\/www.life4fir.com\/it\/2021\/03\/08\/remote-sensing-via-drone-and-monitoring-activities-of-the-life4fir-project\/#breadcrumb\"},\"inLanguage\":\"es\",\"potentialAction\":[{\"@type\":\"ReadAction\",\"target\":[\"http:\/\/www.life4fir.com\/it\/2021\/03\/08\/remote-sensing-via-drone-and-monitoring-activities-of-the-life4fir-project\/\"]}]},{\"@type\":\"BreadcrumbList\",\"@id\":\"http:\/\/www.life4fir.com\/it\/2021\/03\/08\/remote-sensing-via-drone-and-monitoring-activities-of-the-life4fir-project\/#breadcrumb\",\"itemListElement\":[{\"@type\":\"ListItem\",\"position\":1,\"name\":\"Home\",\"item\":\"http:\/\/www.life4fir.com\/\"},{\"@type\":\"ListItem\",\"position\":2,\"name\":\"Teledetecci\\u00f3n a trav\\u00e9s de drones y las actividades de seguimiento del proyecto LIFE4FIR\"}]},{\"@type\":\"Person\",\"@id\":\"http:\/\/www.life4fir.com\/it\/#\/schema\/person\/6dbcaac5052518d54f87023c8f4be778\",\"name\":\"adminl4f\",\"image\":{\"@type\":\"ImageObject\",\"@id\":\"http:\/\/www.life4fir.com\/it\/#personlogo\",\"inLanguage\":\"es\",\"url\":\"http:\/\/1.gravatar.com\/avatar\/a6e6c978c2825344b93af6f73f79ec98?s=96&d=mm&r=g\",\"contentUrl\":\"http:\/\/1.gravatar.com\/avatar\/a6e6c978c2825344b93af6f73f79ec98?s=96&d=mm&r=g\",\"caption\":\"adminl4f\"},\"url\":\"http:\/\/www.life4fir.com\/es\/author\/adminl4f\/\"}]}<\/script>\n<!-- \/ Yoast SEO plugin. -->","yoast_head_json":{"title":"[:it]Il telerilevamento via drone e le attivit\u00e0 di monitoraggio del progetto LIFE4FIR[:en]Remote sensing via drone and monitoring activities of the LIFE4FIR project[:es]Teledetecci\u00f3n a trav\u00e9s de drones y las actividades de seguimiento del proyecto LIFE4FIR[:] - LIFE4FIR","robots":{"index":"index","follow":"follow","max-snippet":"max-snippet:-1","max-image-preview":"max-image-preview:large","max-video-preview":"max-video-preview:-1"},"canonical":"http:\/\/www.life4fir.com\/it\/2021\/03\/08\/remote-sensing-via-drone-and-monitoring-activities-of-the-life4fir-project\/","og_locale":"es_ES","og_type":"article","og_title":"[:it]Il telerilevamento via drone e le attivit\u00e0 di monitoraggio del progetto LIFE4FIR[:en]Remote sensing via drone and monitoring activities of the LIFE4FIR project[:es]Teledetecci\u00f3n a trav\u00e9s de drones y las actividades de seguimiento del proyecto LIFE4FIR[:] - LIFE4FIR","og_description":"La teledetecci\u00f3n v\u00eda drone del proyecto LIFE4FIR A principios de octubre de 2020 el relevamiento del \u00e1rea natural se realiz\u00f3 mediante drones equipados con c\u00e1maras multiespectrales. La teledetecci\u00f3n con drones le permite monitorear la salud de los \u00e1rboles y el h\u00e1bitat midiendo la radiaci\u00f3n reflejada por la vegetaci\u00f3n. El vuelo del dron permiti\u00f3 obtener fotograf\u00edas &hellip; Continuar leyendo \"Teledetecci\u00f3n a trav\u00e9s de drones y las actividades de seguimiento del proyecto LIFE4FIR\"","og_url":"http:\/\/www.life4fir.com\/it\/2021\/03\/08\/remote-sensing-via-drone-and-monitoring-activities-of-the-life4fir-project\/","og_site_name":"LIFE4FIR","article_published_time":"2021-03-08T17:42:16+00:00","og_image":[{"width":5472,"height":3078,"url":"http:\/\/www.life4fir.com\/wp-content\/uploads\/2021\/03\/life4fir-monitoring-drone-project-life-piante-n.-10-e-11-An_10-11-2-compressed.jpg","path":"\/var\/www\/life4fir.com\/wp-content\/uploads\/2021\/03\/life4fir-monitoring-drone-project-life-piante-n.-10-e-11-An_10-11-2-compressed.jpg","size":"full","id":410,"alt":"","pixels":16842816,"type":"image\/jpeg"}],"twitter_card":"summary_large_image","twitter_misc":{"Escrito por":"adminl4f","Tiempo de lectura":"3 minutos"},"schema":{"@context":"https:\/\/schema.org","@graph":[{"@type":"WebSite","@id":"http:\/\/www.life4fir.com\/it\/#website","url":"http:\/\/www.life4fir.com\/it\/","name":"LIFE4FIR","description":"Decisive in situ and ex situ conservation strategies to secure the critically endangered Sicilian fir, Abies nebrodensis","potentialAction":[{"@type":"SearchAction","target":{"@type":"EntryPoint","urlTemplate":"http:\/\/www.life4fir.com\/it\/?s={search_term_string}"},"query-input":"required name=search_term_string"}],"inLanguage":"es"},{"@type":"ImageObject","@id":"http:\/\/www.life4fir.com\/it\/2021\/03\/08\/remote-sensing-via-drone-and-monitoring-activities-of-the-life4fir-project\/#primaryimage","inLanguage":"es","url":"http:\/\/www.life4fir.com\/wp-content\/uploads\/2021\/03\/life4fir-monitoring-drone-project-life-piante-n.-10-e-11-An_10-11-2-compressed.jpg","contentUrl":"http:\/\/www.life4fir.com\/wp-content\/uploads\/2021\/03\/life4fir-monitoring-drone-project-life-piante-n.-10-e-11-An_10-11-2-compressed.jpg","width":5472,"height":3078},{"@type":"WebPage","@id":"http:\/\/www.life4fir.com\/it\/2021\/03\/08\/remote-sensing-via-drone-and-monitoring-activities-of-the-life4fir-project\/#webpage","url":"http:\/\/www.life4fir.com\/it\/2021\/03\/08\/remote-sensing-via-drone-and-monitoring-activities-of-the-life4fir-project\/","name":"[:it]Il telerilevamento via drone e le attivit\u00e0 di monitoraggio del progetto LIFE4FIR[:en]Remote sensing via drone and monitoring activities of the LIFE4FIR project[:es]Teledetecci\u00f3n a trav\u00e9s de drones y las actividades de seguimiento del proyecto LIFE4FIR[:] - LIFE4FIR","isPartOf":{"@id":"http:\/\/www.life4fir.com\/it\/#website"},"primaryImageOfPage":{"@id":"http:\/\/www.life4fir.com\/it\/2021\/03\/08\/remote-sensing-via-drone-and-monitoring-activities-of-the-life4fir-project\/#primaryimage"},"datePublished":"2021-03-08T17:42:16+00:00","dateModified":"2021-03-08T17:42:16+00:00","author":{"@id":"http:\/\/www.life4fir.com\/it\/#\/schema\/person\/6dbcaac5052518d54f87023c8f4be778"},"breadcrumb":{"@id":"http:\/\/www.life4fir.com\/it\/2021\/03\/08\/remote-sensing-via-drone-and-monitoring-activities-of-the-life4fir-project\/#breadcrumb"},"inLanguage":"es","potentialAction":[{"@type":"ReadAction","target":["http:\/\/www.life4fir.com\/it\/2021\/03\/08\/remote-sensing-via-drone-and-monitoring-activities-of-the-life4fir-project\/"]}]},{"@type":"BreadcrumbList","@id":"http:\/\/www.life4fir.com\/it\/2021\/03\/08\/remote-sensing-via-drone-and-monitoring-activities-of-the-life4fir-project\/#breadcrumb","itemListElement":[{"@type":"ListItem","position":1,"name":"Home","item":"http:\/\/www.life4fir.com\/"},{"@type":"ListItem","position":2,"name":"Teledetecci\u00f3n a trav\u00e9s de drones y las actividades de seguimiento del proyecto LIFE4FIR"}]},{"@type":"Person","@id":"http:\/\/www.life4fir.com\/it\/#\/schema\/person\/6dbcaac5052518d54f87023c8f4be778","name":"adminl4f","image":{"@type":"ImageObject","@id":"http:\/\/www.life4fir.com\/it\/#personlogo","inLanguage":"es","url":"http:\/\/1.gravatar.com\/avatar\/a6e6c978c2825344b93af6f73f79ec98?s=96&d=mm&r=g","contentUrl":"http:\/\/1.gravatar.com\/avatar\/a6e6c978c2825344b93af6f73f79ec98?s=96&d=mm&r=g","caption":"adminl4f"},"url":"http:\/\/www.life4fir.com\/es\/author\/adminl4f\/"}]}},"_links":{"self":[{"href":"http:\/\/www.life4fir.com\/es\/wp-json\/wp\/v2\/posts\/405"}],"collection":[{"href":"http:\/\/www.life4fir.com\/es\/wp-json\/wp\/v2\/posts"}],"about":[{"href":"http:\/\/www.life4fir.com\/es\/wp-json\/wp\/v2\/types\/post"}],"author":[{"embeddable":true,"href":"http:\/\/www.life4fir.com\/es\/wp-json\/wp\/v2\/users\/1"}],"replies":[{"embeddable":true,"href":"http:\/\/www.life4fir.com\/es\/wp-json\/wp\/v2\/comments?post=405"}],"version-history":[{"count":4,"href":"http:\/\/www.life4fir.com\/es\/wp-json\/wp\/v2\/posts\/405\/revisions"}],"predecessor-version":[{"id":416,"href":"http:\/\/www.life4fir.com\/es\/wp-json\/wp\/v2\/posts\/405\/revisions\/416"}],"wp:featuredmedia":[{"embeddable":true,"href":"http:\/\/www.life4fir.com\/es\/wp-json\/wp\/v2\/media\/410"}],"wp:attachment":[{"href":"http:\/\/www.life4fir.com\/es\/wp-json\/wp\/v2\/media?parent=405"}],"wp:term":[{"taxonomy":"category","embeddable":true,"href":"http:\/\/www.life4fir.com\/es\/wp-json\/wp\/v2\/categories?post=405"},{"taxonomy":"post_tag","embeddable":true,"href":"http:\/\/www.life4fir.com\/es\/wp-json\/wp\/v2\/tags?post=405"}],"curies":[{"name":"wp","href":"https:\/\/api.w.org\/{rel}","templated":true}]}}